{"id":143,"date":"2020-04-15T15:15:24","date_gmt":"2020-04-15T15:15:24","guid":{"rendered":"https:\/\/salzgitter-presse.de\/?p=143"},"modified":"2020-04-15T15:15:24","modified_gmt":"2020-04-15T15:15:24","slug":"flaechenbrand","status":"publish","type":"post","link":"https:\/\/salzgitter-presse.de\/?p=143","title":{"rendered":"Fl\u00e4chenbrand"},"content":{"rendered":"<p>Salzgitter-Bad Im S\u00fcdwestlich Teil des Stadtgebietes brannte auf einer Fl\u00e4che von 400 bis 500 Quadratmeter das Waldgebiet &quot;Hamberg&quot;.<\/p>\n<p>Die Rauchs\u00e4ule, war schon von weitem sichtbar.<\/p>\n<p>Nur durch einen massiven Einsatzes von Kr\u00e4ften vor Ort, gelang es der Feuerwehr den Brand unter Kontrolle zu bringen.<\/p>\n<p>Weitere Informationen folgen in K\u00fcrze.<\/p>\n","protected":false},"excerpt":{"rendered":"<p>Salzgitter-Bad Im S\u00fcdwestlich Teil des Stadtgebietes brannte auf einer Fl\u00e4che von 400 bis 500 Quadratmeter das Waldgebiet &quot;Hamberg&quot;. Die Rauchs\u00e4ule, war schon von weitem sichtbar. Nur durch einen massiven Einsatzes von Kr\u00e4ften vor Ort, gelang es der Feuerwehr den Brand unter Kontrolle&hellip;<\/p>\n","protected":false},"author":1,"featured_media":0,"comment_status":"open","ping_status":"open","sticky":false,"template":"","format":"standard","meta":{"ngg_post_thumbnail":0,"spay_email":"","jetpack_publicize_message":"","jetpack_is_tweetstorm":false,"jetpack_publicize_feature_enabled":true},"categories":[1],"tags":[],"jetpack_featured_media_url":"","jetpack_publicize_connections":[],"_links":{"self":[{"href":"https:\/\/salzgitter-presse.de\/index.php?rest_route=\/wp\/v2\/posts\/143"}],"collection":[{"href":"https:\/\/salzgitter-presse.de\/index.php?rest_route=\/wp\/v2\/posts"}],"about":[{"href":"https:\/\/salzgitter-presse.de\/index.php?rest_route=\/wp\/v2\/types\/post"}],"author":[{"embeddable":true,"href":"https:\/\/salzgitter-presse.de\/index.php?rest_route=\/wp\/v2\/users\/1"}],"replies":[{"embeddable":true,"href":"https:\/\/salzgitter-presse.de\/index.php?rest_route=%2Fwp%2Fv2%2Fcomments&post=143"}],"version-history":[{"count":0,"href":"https:\/\/salzgitter-presse.de\/index.php?rest_route=\/wp\/v2\/posts\/143\/revisions"}],"wp:attachment":[{"href":"https:\/\/salzgitter-presse.de\/index.php?rest_route=%2Fwp%2Fv2%2Fmedia&parent=143"}],"wp:term":[{"taxonomy":"category","embeddable":true,"href":"https:\/\/salzgitter-presse.de\/index.php?rest_route=%2Fwp%2Fv2%2Fcategories&post=143"},{"taxonomy":"post_tag","embeddable":true,"href":"https:\/\/salzgitter-presse.de\/index.php?rest_route=%2Fwp%2Fv2%2Ftags&post=143"}],"curies":[{"name":"wp","href":"https:\/\/api.w.org\/{rel}","templated":true}]}}